{"id":1384,"date":"2025-07-13T14:51:11","date_gmt":"2025-07-13T12:51:11","guid":{"rendered":"https:\/\/www.fwv-kulmbach.de\/?p=1384"},"modified":"2025-07-13T14:51:11","modified_gmt":"2025-07-13T12:51:11","slug":"einladung-zur-nachmittagswanderung-zum-ochsenhof","status":"publish","type":"post","link":"https:\/\/www.fwv-kulmbach.de\/?p=1384","title":{"rendered":"Einladung zur Nachmittagswanderung zum Ochsenhof"},"content":{"rendered":"\n<p>Am <strong>Freitag, den 18.7.2025<\/strong>, fahren wir mit Privatfahrzeugen zum Ochsenhof in W\u00fcstenbuchau. Dort starten wir zu einer Rundwanderung \u00fcber Motschenbach, D\u00f6rfles und Buchau wieder zur\u00fcck zum Ochsenhof. Dort findet auch die Schlu\u00dfeinkehr statt.<\/p>\n\n\n\n<p>Wir treffen uns mit den Autos auf dem Parkplatz in Kulmbach gegen\u00fcber der Stadtb\u00fccherei in der Hardenbergstra\u00dfe um 12:45 Uhr, dort werden Fahrgemeinschaften gebildet. Anschlie\u00dfend fahren wir nach W\u00fcstenbuchau wo wir um ca. 13:30 Uhr die Wanderung beginnen.<\/p>\n\n\n\n<p>Die Wanderstrecke betr\u00e4gt 7,5 km.<\/p>\n\n\n\n<p>Zur Organisation der Fahrgemeinschaften ist eine Anmeldung unter Angabe folgender Daten notwendig: <\/p>\n\n\n\n<ul class=\"wp-block-list\">\n<li>Wer kommt mit Auto und wie viele Pl\u00e4tze k\u00f6nnen f\u00fcr Mitfahrer bereitgestellt werden?<\/li>\n\n\n\n<li>Wer braucht Mitfahrgelegenheiten.<\/li>\n<\/ul>\n\n\n\n<p>Anmeldungen bis Donnerstag, 17.7.2025, 16:00 Uhr bei Rudolf Krau\u00df (09221\/84170)<a><\/a> und Hans Werther (09221\/2009).<\/p>\n","protected":false},"excerpt":{"rendered":"<p>Am Freitag, den 18.7.2025, fahren wir mit Privatfahrzeugen zum Ochsenhof in W\u00fcstenbuchau. Dort starten wir zu einer Rundwanderung \u00fcber Motschenbach, D\u00f6rfles und Buchau wieder zur\u00fcck zum Ochsenhof. Dort findet auch die Schlu\u00dfeinkehr statt. Wir treffen uns mit den Autos auf &hellip; <a href=\"https:\/\/www.fwv-kulmbach.de\/?p=1384\">Weiterlesen <span class=\"meta-nav\">&rarr;<\/span><\/a><\/p>\n","protected":false},"author":1,"featured_media":0,"comment_status":"closed","ping_status":"closed","sticky":false,"template":"","format":"standard","meta":{"footnotes":""},"categories":[2,12],"tags":[],"class_list":["post-1384","post","type-post","status-publish","format-standard","hentry","category-og-kulmbach","category-termin"],"_links":{"self":[{"href":"https:\/\/www.fwv-kulmbach.de\/index.php?rest_route=\/wp\/v2\/posts\/1384","targetHints":{"allow":["GET"]}}],"collection":[{"href":"https:\/\/www.fwv-kulmbach.de\/index.php?rest_route=\/wp\/v2\/posts"}],"about":[{"href":"https:\/\/www.fwv-kulmbach.de\/index.php?rest_route=\/wp\/v2\/types\/post"}],"author":[{"embeddable":true,"href":"https:\/\/www.fwv-kulmbach.de\/index.php?rest_route=\/wp\/v2\/users\/1"}],"replies":[{"embeddable":true,"href":"https:\/\/www.fwv-kulmbach.de\/index.php?rest_route=%2Fwp%2Fv2%2Fcomments&post=1384"}],"version-history":[{"count":1,"href":"https:\/\/www.fwv-kulmbach.de\/index.php?rest_route=\/wp\/v2\/posts\/1384\/revisions"}],"predecessor-version":[{"id":1385,"href":"https:\/\/www.fwv-kulmbach.de\/index.php?rest_route=\/wp\/v2\/posts\/1384\/revisions\/1385"}],"wp:attachment":[{"href":"https:\/\/www.fwv-kulmbach.de\/index.php?rest_route=%2Fwp%2Fv2%2Fmedia&parent=1384"}],"wp:term":[{"taxonomy":"category","embeddable":true,"href":"https:\/\/www.fwv-kulmbach.de\/index.php?rest_route=%2Fwp%2Fv2%2Fcategories&post=1384"},{"taxonomy":"post_tag","embeddable":true,"href":"https:\/\/www.fwv-kulmbach.de\/index.php?rest_route=%2Fwp%2Fv2%2Ftags&post=1384"}],"curies":[{"name":"wp","href":"https:\/\/api.w.org\/{rel}","templated":true}]}}