{"id":1380,"date":"2025-07-08T23:04:14","date_gmt":"2025-07-08T21:04:14","guid":{"rendered":"https:\/\/www.fwv-kulmbach.de\/?p=1380"},"modified":"2025-07-08T23:04:14","modified_gmt":"2025-07-08T21:04:14","slug":"treideln-auf-den-ludwig-donau-main-kanal","status":"publish","type":"post","link":"https:\/\/www.fwv-kulmbach.de\/?p=1380","title":{"rendered":"Treideln auf den Ludwig-Donau-Main-Kanal"},"content":{"rendered":"\n<p>Trotz des fr\u00fchen Starttermins lie\u00dfen es sich die 49 Teilnehmer nicht nehmen, bei sch\u00f6nstem Wetter, die Fahrt auf dem Kanal zu erleben. In einem historischen Lastkahn, der von einem Pferd auf dem Treidelpfad in Bewegung gehalten wird, ging es bei Pollanten gem\u00e4chlich in 90 Minuten hin und zur\u00fcck.<\/p>\n\n\n<div class=\"wp-block-image\">\n<figure class=\"aligncenter size-full\"><img loading=\"lazy\" decoding=\"async\" width=\"1024\" height=\"768\" src=\"https:\/\/www.fwv-kulmbach.de\/wp-content\/uploads\/2025\/07\/2025_Treideln_1-rotated.jpg\" alt=\"\" class=\"wp-image-1381\" srcset=\"https:\/\/www.fwv-kulmbach.de\/wp-content\/uploads\/2025\/07\/2025_Treideln_1-rotated.jpg 1024w, https:\/\/www.fwv-kulmbach.de\/wp-content\/uploads\/2025\/07\/2025_Treideln_1-300x225.jpg 300w, https:\/\/www.fwv-kulmbach.de\/wp-content\/uploads\/2025\/07\/2025_Treideln_1-768x576.jpg 768w\" sizes=\"auto, (max-width: 1024px) 100vw, 1024px\" \/><\/figure>\n<\/div>\n\n\n<p>Viele genossen das ruhige Gleiten durch die Natur ohne st\u00f6rende Ger\u00e4usche, auf dem fast stehenden Wasser.<\/p>\n\n\n\n<p>Nach einer kurzen Fahrt mit dem Bus wurde die Kutscher-Alm in Pollanten erreicht, wo man bei Wei\u00dfwurst oder Kaffee und Kuchen die Eindr\u00fccke ausgetauschte.<\/p>\n\n\n\n<p>Im Anschluss wurden die Teilnehmer nach Enersdorf, dem Startpunkt der Wanderung bis Berching, gebracht. Weitgehend durch den Wald f\u00fchrt der Weg bis in den Ort, der mit seinem historischen Stadtbild ein Kleinod ist.<\/p>\n\n\n<div class=\"wp-block-image\">\n<figure class=\"aligncenter size-full\"><img loading=\"lazy\" decoding=\"async\" width=\"895\" height=\"1024\" src=\"https:\/\/www.fwv-kulmbach.de\/wp-content\/uploads\/2025\/07\/2025_Treideln_2.jpg\" alt=\"\" class=\"wp-image-1382\" srcset=\"https:\/\/www.fwv-kulmbach.de\/wp-content\/uploads\/2025\/07\/2025_Treideln_2.jpg 895w, https:\/\/www.fwv-kulmbach.de\/wp-content\/uploads\/2025\/07\/2025_Treideln_2-262x300.jpg 262w, https:\/\/www.fwv-kulmbach.de\/wp-content\/uploads\/2025\/07\/2025_Treideln_2-768x879.jpg 768w\" sizes=\"auto, (max-width: 895px) 100vw, 895px\" \/><\/figure>\n<\/div>\n\n\n<p>Den Aufenthalt in Berching nutzte man zur Besichtigung oder f\u00fcr ein Getr\u00e4nk oder ein Eis.<\/p>\n\n\n\n<p>Der Tag wurde mit einer Einkehr in der Klostersch\u00e4nke im nahe gelegenen Plankstetten abgeschlossen.<\/p>\n\n\n\n<p>W\u00e4hrend der R\u00fcckfahrt mit dem Bus nach Kulmbach waren die Erlebnisse des Tages ein h\u00e4ufiges Gespr\u00e4chsthema.<\/p>\n","protected":false},"excerpt":{"rendered":"<p>Trotz des fr\u00fchen Starttermins lie\u00dfen es sich die 49 Teilnehmer nicht nehmen, bei sch\u00f6nstem Wetter, die Fahrt auf dem Kanal zu erleben. In einem historischen Lastkahn, der von einem Pferd auf dem Treidelpfad in Bewegung gehalten wird, ging es bei &hellip; <a href=\"https:\/\/www.fwv-kulmbach.de\/?p=1380\">Weiterlesen <span class=\"meta-nav\">&rarr;<\/span><\/a><\/p>\n","protected":false},"author":1,"featured_media":0,"comment_status":"closed","ping_status":"closed","sticky":false,"template":"","format":"standard","meta":{"footnotes":""},"categories":[13,2],"tags":[],"class_list":["post-1380","post","type-post","status-publish","format-standard","hentry","category-bericht","category-og-kulmbach"],"_links":{"self":[{"href":"https:\/\/www.fwv-kulmbach.de\/index.php?rest_route=\/wp\/v2\/posts\/1380","targetHints":{"allow":["GET"]}}],"collection":[{"href":"https:\/\/www.fwv-kulmbach.de\/index.php?rest_route=\/wp\/v2\/posts"}],"about":[{"href":"https:\/\/www.fwv-kulmbach.de\/index.php?rest_route=\/wp\/v2\/types\/post"}],"author":[{"embeddable":true,"href":"https:\/\/www.fwv-kulmbach.de\/index.php?rest_route=\/wp\/v2\/users\/1"}],"replies":[{"embeddable":true,"href":"https:\/\/www.fwv-kulmbach.de\/index.php?rest_route=%2Fwp%2Fv2%2Fcomments&post=1380"}],"version-history":[{"count":1,"href":"https:\/\/www.fwv-kulmbach.de\/index.php?rest_route=\/wp\/v2\/posts\/1380\/revisions"}],"predecessor-version":[{"id":1383,"href":"https:\/\/www.fwv-kulmbach.de\/index.php?rest_route=\/wp\/v2\/posts\/1380\/revisions\/1383"}],"wp:attachment":[{"href":"https:\/\/www.fwv-kulmbach.de\/index.php?rest_route=%2Fwp%2Fv2%2Fmedia&parent=1380"}],"wp:term":[{"taxonomy":"category","embeddable":true,"href":"https:\/\/www.fwv-kulmbach.de\/index.php?rest_route=%2Fwp%2Fv2%2Fcategories&post=1380"},{"taxonomy":"post_tag","embeddable":true,"href":"https:\/\/www.fwv-kulmbach.de\/index.php?rest_route=%2Fwp%2Fv2%2Ftags&post=1380"}],"curies":[{"name":"wp","href":"https:\/\/api.w.org\/{rel}","templated":true}]}}