{"id":1349,"date":"2025-02-23T17:49:29","date_gmt":"2025-02-23T16:49:29","guid":{"rendered":"https:\/\/www.fwv-kulmbach.de\/?p=1349"},"modified":"2025-02-23T17:49:29","modified_gmt":"2025-02-23T16:49:29","slug":"auf-dem-ku-44-von-kulmbach-trebgast","status":"publish","type":"post","link":"https:\/\/www.fwv-kulmbach.de\/?p=1349","title":{"rendered":"Auf dem KU 44 von Kulmbach &#8211; Trebgast"},"content":{"rendered":"\n<p>Nachdem eine Gruppe vom Rathaus in Kulmbach die Plassenburg \u00fcber den Festungsberg erreichte, nutzte die zweite den Plassenburg-Express, um sich im Kasernenhof zu treffen.<\/p>\n\n\n\n<p>Bei trockenem, sch\u00f6nen Wanderwetter f\u00fchrten Hans Werther und Rudi F\u00fcrbringer die Teilnehmer \u00fcber den Buchwald und den Ortsteil Leithen zum Tierheim. Bei einer kurzen Pause stie\u00dfen dort noch zwei weitere Wanderer dazu.<\/p>\n\n\n\n<figure class=\"wp-block-image size-full\"><img loading=\"lazy\" decoding=\"async\" width=\"1024\" height=\"768\" src=\"https:\/\/www.fwv-kulmbach.de\/wp-content\/uploads\/2025\/02\/2025-02_KU44_Trebgast_1-rotated.jpg\" alt=\"\" class=\"wp-image-1350\" srcset=\"https:\/\/www.fwv-kulmbach.de\/wp-content\/uploads\/2025\/02\/2025-02_KU44_Trebgast_1-rotated.jpg 1024w, https:\/\/www.fwv-kulmbach.de\/wp-content\/uploads\/2025\/02\/2025-02_KU44_Trebgast_1-300x225.jpg 300w, https:\/\/www.fwv-kulmbach.de\/wp-content\/uploads\/2025\/02\/2025-02_KU44_Trebgast_1-768x576.jpg 768w\" sizes=\"auto, (max-width: 1024px) 100vw, 1024px\" \/><\/figure>\n\n\n\n<p>Vorbei an Pinsenhof f\u00fchrt<a><\/a> der Weg durch den Wald bis auf die H\u00f6he oberhalb des \u201eMalergartens\u201c. Von dort bietet sich ein herrlicher Blick auf das Fichtelgebirge und den Frankenwald.<\/p>\n\n\n\n<p>Nach einer weiteren Pause vor der Naturb\u00fchne Trebgast erreichten die 45 Wanderer \u00fcber einen Fu\u00dfweg zur Kirche und weiter \u00fcber Stufen, die Ortsmitte.<\/p>\n\n\n\n<figure class=\"wp-block-image size-full\"><img loading=\"lazy\" decoding=\"async\" width=\"793\" height=\"1024\" src=\"https:\/\/www.fwv-kulmbach.de\/wp-content\/uploads\/2025\/02\/2025-02_KU44_Trebgast_2.jpg\" alt=\"\" class=\"wp-image-1351\" srcset=\"https:\/\/www.fwv-kulmbach.de\/wp-content\/uploads\/2025\/02\/2025-02_KU44_Trebgast_2.jpg 793w, https:\/\/www.fwv-kulmbach.de\/wp-content\/uploads\/2025\/02\/2025-02_KU44_Trebgast_2-232x300.jpg 232w, https:\/\/www.fwv-kulmbach.de\/wp-content\/uploads\/2025\/02\/2025-02_KU44_Trebgast_2-768x992.jpg 768w\" sizes=\"auto, (max-width: 793px) 100vw, 793px\" \/><\/figure>\n\n\n\n<p>Mit einer Einkehr in der Dorfsch\u00e4nke fand ein sch\u00f6ner Wandertag seinen Abschluss.<\/p>\n\n\n\n<p>Bei der R\u00fcckfahrt nach Kulmbach mit der Bahn wurde noch angeregt Res\u00fcmee gezogen.<\/p>\n","protected":false},"excerpt":{"rendered":"<p>Nachdem eine Gruppe vom Rathaus in Kulmbach die Plassenburg \u00fcber den Festungsberg erreichte, nutzte die zweite den Plassenburg-Express, um sich im Kasernenhof zu treffen. Bei trockenem, sch\u00f6nen Wanderwetter f\u00fchrten Hans Werther und Rudi F\u00fcrbringer die Teilnehmer \u00fcber den Buchwald und &hellip; <a href=\"https:\/\/www.fwv-kulmbach.de\/?p=1349\">Weiterlesen <span class=\"meta-nav\">&rarr;<\/span><\/a><\/p>\n","protected":false},"author":1,"featured_media":0,"comment_status":"closed","ping_status":"closed","sticky":false,"template":"","format":"standard","meta":{"footnotes":""},"categories":[13,2],"tags":[],"class_list":["post-1349","post","type-post","status-publish","format-standard","hentry","category-bericht","category-og-kulmbach"],"_links":{"self":[{"href":"https:\/\/www.fwv-kulmbach.de\/index.php?rest_route=\/wp\/v2\/posts\/1349","targetHints":{"allow":["GET"]}}],"collection":[{"href":"https:\/\/www.fwv-kulmbach.de\/index.php?rest_route=\/wp\/v2\/posts"}],"about":[{"href":"https:\/\/www.fwv-kulmbach.de\/index.php?rest_route=\/wp\/v2\/types\/post"}],"author":[{"embeddable":true,"href":"https:\/\/www.fwv-kulmbach.de\/index.php?rest_route=\/wp\/v2\/users\/1"}],"replies":[{"embeddable":true,"href":"https:\/\/www.fwv-kulmbach.de\/index.php?rest_route=%2Fwp%2Fv2%2Fcomments&post=1349"}],"version-history":[{"count":1,"href":"https:\/\/www.fwv-kulmbach.de\/index.php?rest_route=\/wp\/v2\/posts\/1349\/revisions"}],"predecessor-version":[{"id":1352,"href":"https:\/\/www.fwv-kulmbach.de\/index.php?rest_route=\/wp\/v2\/posts\/1349\/revisions\/1352"}],"wp:attachment":[{"href":"https:\/\/www.fwv-kulmbach.de\/index.php?rest_route=%2Fwp%2Fv2%2Fmedia&parent=1349"}],"wp:term":[{"taxonomy":"category","embeddable":true,"href":"https:\/\/www.fwv-kulmbach.de\/index.php?rest_route=%2Fwp%2Fv2%2Fcategories&post=1349"},{"taxonomy":"post_tag","embeddable":true,"href":"https:\/\/www.fwv-kulmbach.de\/index.php?rest_route=%2Fwp%2Fv2%2Ftags&post=1349"}],"curies":[{"name":"wp","href":"https:\/\/api.w.org\/{rel}","templated":true}]}}