{"id":114,"date":"2015-01-09T15:48:53","date_gmt":"2015-01-09T14:48:53","guid":{"rendered":"http:\/\/fwv-kulmbach.de\/?p=114"},"modified":"2015-01-09T15:50:28","modified_gmt":"2015-01-09T14:50:28","slug":"jahresauftakt-der-ortsgruppe-kulmbach","status":"publish","type":"post","link":"https:\/\/www.fwv-kulmbach.de\/?p=114","title":{"rendered":"Jahresauftakt der Ortsgruppe Kulmbach"},"content":{"rendered":"<p>Einen gelungenen Jahresauftakt hatte die Ortsgruppe Kulmbach des Frankenwaldvereins am 6. Januar 2015. Bei herrlichem Sonnenschein wanderten fast 50 Personen auf wenig bekannten und viele ganz unbekannten Wegen rund um Kulmbach. Wanderf\u00fchrer Rudi Krau\u00df w\u00fcrzte die Strecke mit vielen Geschichten, Anekdoten und Informationen \u00fcber Kulmbach und seine Historie.<br \/>\nAuch das \u201eSt\u00e4rkantrinken\u201c im M\u00f6nchshofbr\u00e4uhaus war eine rundum gelungene Sache!<br \/>\n<a href=\"http:\/\/fwv-kulmbach.de\/wp-content\/uploads\/2015\/01\/DSCF5913.jpg\"><img loading=\"lazy\" decoding=\"async\" src=\"http:\/\/fwv-kulmbach.de\/wp-content\/uploads\/2015\/01\/DSCF5913-300x225.jpg\" alt=\"DSCF5913\" width=\"300\" height=\"225\" class=\"alignnone size-medium wp-image-112\" srcset=\"https:\/\/www.fwv-kulmbach.de\/wp-content\/uploads\/2015\/01\/DSCF5913-300x225.jpg 300w, https:\/\/www.fwv-kulmbach.de\/wp-content\/uploads\/2015\/01\/DSCF5913.jpg 800w\" sizes=\"auto, (max-width: 300px) 100vw, 300px\" \/><\/a><\/p>\n<p><a href=\"http:\/\/fwv-kulmbach.de\/wp-content\/uploads\/2015\/01\/DSCF5907.jpg\"><img loading=\"lazy\" decoding=\"async\" src=\"http:\/\/fwv-kulmbach.de\/wp-content\/uploads\/2015\/01\/DSCF5907-300x225.jpg\" alt=\"DSCF5907\" width=\"300\" height=\"225\" class=\"alignnone size-medium wp-image-111\" srcset=\"https:\/\/www.fwv-kulmbach.de\/wp-content\/uploads\/2015\/01\/DSCF5907-300x225.jpg 300w, https:\/\/www.fwv-kulmbach.de\/wp-content\/uploads\/2015\/01\/DSCF5907.jpg 800w\" sizes=\"auto, (max-width: 300px) 100vw, 300px\" \/><\/a><\/p>\n<p><a href=\"http:\/\/fwv-kulmbach.de\/wp-content\/uploads\/2015\/01\/DSCF5915.jpg\"><img loading=\"lazy\" decoding=\"async\" src=\"http:\/\/fwv-kulmbach.de\/wp-content\/uploads\/2015\/01\/DSCF5915-300x225.jpg\" alt=\"DSCF5915\" width=\"300\" height=\"225\" class=\"alignnone size-medium wp-image-113\" srcset=\"https:\/\/www.fwv-kulmbach.de\/wp-content\/uploads\/2015\/01\/DSCF5915-300x225.jpg 300w, https:\/\/www.fwv-kulmbach.de\/wp-content\/uploads\/2015\/01\/DSCF5915.jpg 800w\" sizes=\"auto, (max-width: 300px) 100vw, 300px\" \/><\/a><\/p>\n<p><a href=\"http:\/\/fwv-kulmbach.de\/wp-content\/uploads\/2015\/01\/DSCF5904.jpg\"><img loading=\"lazy\" decoding=\"async\" src=\"http:\/\/fwv-kulmbach.de\/wp-content\/uploads\/2015\/01\/DSCF5904-300x225.jpg\" alt=\"DSCF5904\" width=\"300\" height=\"225\" class=\"alignnone size-medium wp-image-110\" srcset=\"https:\/\/www.fwv-kulmbach.de\/wp-content\/uploads\/2015\/01\/DSCF5904-300x225.jpg 300w, https:\/\/www.fwv-kulmbach.de\/wp-content\/uploads\/2015\/01\/DSCF5904.jpg 800w\" sizes=\"auto, (max-width: 300px) 100vw, 300px\" \/><\/a><\/p>\n<p><a href=\"http:\/\/fwv-kulmbach.de\/wp-content\/uploads\/2015\/01\/DSCF5895.jpg\"><img loading=\"lazy\" decoding=\"async\" src=\"http:\/\/fwv-kulmbach.de\/wp-content\/uploads\/2015\/01\/DSCF5895-225x300.jpg\" alt=\"DSCF5895\" width=\"225\" height=\"300\" class=\"alignnone size-medium wp-image-109\" srcset=\"https:\/\/www.fwv-kulmbach.de\/wp-content\/uploads\/2015\/01\/DSCF5895-225x300.jpg 225w, https:\/\/www.fwv-kulmbach.de\/wp-content\/uploads\/2015\/01\/DSCF5895.jpg 600w\" sizes=\"auto, (max-width: 225px) 100vw, 225px\" \/><\/a><\/p>\n<p><a href=\"http:\/\/fwv-kulmbach.de\/wp-content\/uploads\/2015\/01\/DSCF5887.jpg\"><img loading=\"lazy\" decoding=\"async\" src=\"http:\/\/fwv-kulmbach.de\/wp-content\/uploads\/2015\/01\/DSCF5887-300x225.jpg\" alt=\"DSCF5887\" width=\"300\" height=\"225\" class=\"alignnone size-medium wp-image-108\" srcset=\"https:\/\/www.fwv-kulmbach.de\/wp-content\/uploads\/2015\/01\/DSCF5887-300x225.jpg 300w, https:\/\/www.fwv-kulmbach.de\/wp-content\/uploads\/2015\/01\/DSCF5887.jpg 800w\" sizes=\"auto, (max-width: 300px) 100vw, 300px\" \/><\/a><\/p>\n","protected":false},"excerpt":{"rendered":"<p>Einen gelungenen Jahresauftakt hatte die Ortsgruppe Kulmbach des Frankenwaldvereins am 6. Januar 2015. Bei herrlichem Sonnenschein wanderten fast 50 Personen auf wenig bekannten und viele ganz unbekannten Wegen rund um Kulmbach. Wanderf\u00fchrer Rudi Krau\u00df w\u00fcrzte die Strecke mit vielen Geschichten, &hellip; <a href=\"https:\/\/www.fwv-kulmbach.de\/?p=114\">Weiterlesen <span class=\"meta-nav\">&rarr;<\/span><\/a><\/p>\n","protected":false},"author":1,"featured_media":109,"comment_status":"closed","ping_status":"closed","sticky":false,"template":"","format":"gallery","meta":{"footnotes":""},"categories":[2],"tags":[],"class_list":["post-114","post","type-post","status-publish","format-gallery","has-post-thumbnail","hentry","category-og-kulmbach","post_format-post-format-gallery"],"_links":{"self":[{"href":"https:\/\/www.fwv-kulmbach.de\/index.php?rest_route=\/wp\/v2\/posts\/114","targetHints":{"allow":["GET"]}}],"collection":[{"href":"https:\/\/www.fwv-kulmbach.de\/index.php?rest_route=\/wp\/v2\/posts"}],"about":[{"href":"https:\/\/www.fwv-kulmbach.de\/index.php?rest_route=\/wp\/v2\/types\/post"}],"author":[{"embeddable":true,"href":"https:\/\/www.fwv-kulmbach.de\/index.php?rest_route=\/wp\/v2\/users\/1"}],"replies":[{"embeddable":true,"href":"https:\/\/www.fwv-kulmbach.de\/index.php?rest_route=%2Fwp%2Fv2%2Fcomments&post=114"}],"version-history":[{"count":1,"href":"https:\/\/www.fwv-kulmbach.de\/index.php?rest_route=\/wp\/v2\/posts\/114\/revisions"}],"predecessor-version":[{"id":115,"href":"https:\/\/www.fwv-kulmbach.de\/index.php?rest_route=\/wp\/v2\/posts\/114\/revisions\/115"}],"wp:featuredmedia":[{"embeddable":true,"href":"https:\/\/www.fwv-kulmbach.de\/index.php?rest_route=\/wp\/v2\/media\/109"}],"wp:attachment":[{"href":"https:\/\/www.fwv-kulmbach.de\/index.php?rest_route=%2Fwp%2Fv2%2Fmedia&parent=114"}],"wp:term":[{"taxonomy":"category","embeddable":true,"href":"https:\/\/www.fwv-kulmbach.de\/index.php?rest_route=%2Fwp%2Fv2%2Fcategories&post=114"},{"taxonomy":"post_tag","embeddable":true,"href":"https:\/\/www.fwv-kulmbach.de\/index.php?rest_route=%2Fwp%2Fv2%2Ftags&post=114"}],"curies":[{"name":"wp","href":"https:\/\/api.w.org\/{rel}","templated":true}]}}