{"id":1097,"date":"2022-11-14T21:20:53","date_gmt":"2022-11-14T20:20:53","guid":{"rendered":"https:\/\/www.fwv-kulmbach.de\/?p=1097"},"modified":"2022-11-14T21:22:33","modified_gmt":"2022-11-14T20:22:33","slug":"einladung-zur-bahnfahrt-zum-weihnachtsmarkt-nach-weiden","status":"publish","type":"post","link":"https:\/\/www.fwv-kulmbach.de\/?p=1097","title":{"rendered":"Einladung zur Bahnfahrt zum Weihnachtsmarkt nach Weiden"},"content":{"rendered":"\n<p>Am<strong> Samstag, 10. Dezember<\/strong> f\u00e4hrt der Kulmbacher Frankenwaldverein mit dem Zug nach Weiden. Nach einem kleinen Stadtgang wollen wir die Atmosph\u00e4re auf dem Weidener Weihnachtsmarkt genie\u00dfen. <\/p>\n\n\n\n<p><strong>Treffpuntk am Bahnhof Kulmbach um 12:00 Uhr, Abfahrt 12:22 Uhr. <\/strong><br>Die R\u00fcckfahrt ist um 19:07 Uhr in Weiden geplant. Ankunft in Kulmbach 20:35 Uhr.<\/p>\n\n\n\n<p>Vorherige Anmeldung ist nicht notwendig.<\/p>\n\n\n\n<p>G\u00e4ste sind herzlich willkommen!<\/p>\n\n\n\n<p><\/p>\n","protected":false},"excerpt":{"rendered":"<p>Am Samstag, 10. Dezember f\u00e4hrt der Kulmbacher Frankenwaldverein mit dem Zug nach Weiden. Nach einem kleinen Stadtgang wollen wir die Atmosph\u00e4re auf dem Weidener Weihnachtsmarkt genie\u00dfen. Treffpuntk am Bahnhof Kulmbach um 12:00 Uhr, Abfahrt 12:22 Uhr. Die R\u00fcckfahrt ist um &hellip; <a href=\"https:\/\/www.fwv-kulmbach.de\/?p=1097\">Weiterlesen <span class=\"meta-nav\">&rarr;<\/span><\/a><\/p>\n","protected":false},"author":1,"featured_media":0,"comment_status":"closed","ping_status":"closed","sticky":false,"template":"","format":"standard","meta":{"footnotes":""},"categories":[2,12],"tags":[],"class_list":["post-1097","post","type-post","status-publish","format-standard","hentry","category-og-kulmbach","category-termin"],"_links":{"self":[{"href":"https:\/\/www.fwv-kulmbach.de\/index.php?rest_route=\/wp\/v2\/posts\/1097","targetHints":{"allow":["GET"]}}],"collection":[{"href":"https:\/\/www.fwv-kulmbach.de\/index.php?rest_route=\/wp\/v2\/posts"}],"about":[{"href":"https:\/\/www.fwv-kulmbach.de\/index.php?rest_route=\/wp\/v2\/types\/post"}],"author":[{"embeddable":true,"href":"https:\/\/www.fwv-kulmbach.de\/index.php?rest_route=\/wp\/v2\/users\/1"}],"replies":[{"embeddable":true,"href":"https:\/\/www.fwv-kulmbach.de\/index.php?rest_route=%2Fwp%2Fv2%2Fcomments&post=1097"}],"version-history":[{"count":2,"href":"https:\/\/www.fwv-kulmbach.de\/index.php?rest_route=\/wp\/v2\/posts\/1097\/revisions"}],"predecessor-version":[{"id":1099,"href":"https:\/\/www.fwv-kulmbach.de\/index.php?rest_route=\/wp\/v2\/posts\/1097\/revisions\/1099"}],"wp:attachment":[{"href":"https:\/\/www.fwv-kulmbach.de\/index.php?rest_route=%2Fwp%2Fv2%2Fmedia&parent=1097"}],"wp:term":[{"taxonomy":"category","embeddable":true,"href":"https:\/\/www.fwv-kulmbach.de\/index.php?rest_route=%2Fwp%2Fv2%2Fcategories&post=1097"},{"taxonomy":"post_tag","embeddable":true,"href":"https:\/\/www.fwv-kulmbach.de\/index.php?rest_route=%2Fwp%2Fv2%2Ftags&post=1097"}],"curies":[{"name":"wp","href":"https:\/\/api.w.org\/{rel}","templated":true}]}}