{"id":1094,"date":"2022-11-14T21:16:48","date_gmt":"2022-11-14T20:16:48","guid":{"rendered":"https:\/\/www.fwv-kulmbach.de\/?p=1094"},"modified":"2022-11-14T21:16:48","modified_gmt":"2022-11-14T20:16:48","slug":"vorsitzendenwechsel-beim-kulmbacher-frankenwaldverein","status":"publish","type":"post","link":"https:\/\/www.fwv-kulmbach.de\/?p=1094","title":{"rendered":"Vorsitzendenwechsel beim Kulmbacher Frankenwaldverein"},"content":{"rendered":"\n<p>Nach gut zweieinhalb Jahren, bedingt durch die Corona-Pandemie, konnte endlich wieder eine Jahreshauptversammlung des Kulmbacher Frankenwaldvereins durchgef\u00fchrt werden. Vorsitzender Hans Werther konnte 46 Mitglieder begr\u00fc\u00dfen, darunter Landtagsabgeordnete Inge Aures und Oberb\u00fcrgermeister Ingo Lehmann. Der Oberb\u00fcrgermeister bedankte sich in seinem Gru\u00dfwort f\u00fcr die Aktivit\u00e4ten des Frankenwaldvereins, vor allem f\u00fcr die Instandhaltung der Wanderwege rund um Kulmbach.<\/p>\n\n\n\n<p>Vorsitzender Hans Werther berichtete von vielen gut besuchten Wanderungen und einer vom Wetter verw\u00f6hnten Mehrtagesfahrt an die Mosel 2021. Doch immer wieder gab es auch monatelangen Stillstand, erzwungen von den Corona-Bestimmungen.<\/p>\n\n\n\n<p>Wegewart Manfred Held lobte die Arbeit seiner Markierer-Mannschaft. Besonders hob er die teilweise Neugestaltung der Wegef\u00fchrung auf dem Rehbergsteigla und dem Ebersbacher Weg hervor. Auch die Wegef\u00fchrung von Mainwanderweg, Frankenweg und Marienweg durch die Altstadt wurde ver\u00e4ndert, damit die Wege am Langheimer Amtshof vorbeif\u00fchren und die Fernwanderer auch wirklich \u00fcber den Kulmbacher Marktplatz geleitet werden.<\/p>\n\n\n\n<p>Kassiererin Heidi Krau\u00df berichtete von geordneten finanziellen Verh\u00e4ltnissen, was ihr auch Revisor Dieter Walther bescheinigte, der die Entlastung der alten Vorstandschaft beantragte.<\/p>\n\n\n\n<p>Vorsitzender Hans Werther bedankte sich bei den ausscheidenden Vorstandsmitgliedern Uwe Wirsig, Manuela Teichmann-Wirsig und Gerlinde Wanke.<\/p>\n\n\n\n<p>Bei den anschlie\u00dfenden Neuwahlen wurde Rudolf Krau\u00df einstimmig als neuer Vorsitzender gew\u00e4hlt. Stellvertreter ist jetzt der alte Vorsitzende Hans Werther. Neu im Vorstand sind als Schriftf\u00fchrerin Brigitte Wunderlich, als Beisitzer Heidemarie Fiedler, Rudolf F\u00fcrbringer und Margareta Hamperl und als Revisorin Christa Schatz.<\/p>\n\n\n\n<p>Abgerundet wurde die Veranstaltung durch die Ehrung langj\u00e4hriger Vereinsmitglieder und einen Bilderr\u00fcckblick von Erika Lutz \u00fcber die Moselfahrt und die Wanderjahre 2021\/22.<\/p>\n\n\n\n<figure class=\"wp-block-image size-full is-resized\"><img loading=\"lazy\" decoding=\"async\" src=\"https:\/\/www.fwv-kulmbach.de\/wp-content\/uploads\/2022\/11\/2022-11-13_JHV_OG_Kulmbach.jpg\" alt=\"\" class=\"wp-image-1095\" width=\"512\" height=\"384\" srcset=\"https:\/\/www.fwv-kulmbach.de\/wp-content\/uploads\/2022\/11\/2022-11-13_JHV_OG_Kulmbach.jpg 1024w, https:\/\/www.fwv-kulmbach.de\/wp-content\/uploads\/2022\/11\/2022-11-13_JHV_OG_Kulmbach-300x225.jpg 300w, https:\/\/www.fwv-kulmbach.de\/wp-content\/uploads\/2022\/11\/2022-11-13_JHV_OG_Kulmbach-768x576.jpg 768w\" sizes=\"auto, (max-width: 512px) 100vw, 512px\" \/><figcaption>Vorne (v. links n. rechts): Alter Vorsitzender Hans Werther, Alexander Lutz (25 Jahre), Rosel Brinkschmidt (40 Jahre), Dr. Klaus Trukenbrod (50 Jahre), neuer Vorsitzender Rudolf Krau\u00df.<br>Hinten (v. links n. rechts): Oberb\u00fcrgermeister Ingo Lehmann, Dieter Walther (40 Jahre), G\u00fcnther Zeisele (40 Jahre), Landtagsabgeordnete Inge Aures.<\/figcaption><\/figure>\n","protected":false},"excerpt":{"rendered":"<p>Nach gut zweieinhalb Jahren, bedingt durch die Corona-Pandemie, konnte endlich wieder eine Jahreshauptversammlung des Kulmbacher Frankenwaldvereins durchgef\u00fchrt werden. Vorsitzender Hans Werther konnte 46 Mitglieder begr\u00fc\u00dfen, darunter Landtagsabgeordnete Inge Aures und Oberb\u00fcrgermeister Ingo Lehmann. Der Oberb\u00fcrgermeister bedankte sich in seinem Gru\u00dfwort &hellip; <a href=\"https:\/\/www.fwv-kulmbach.de\/?p=1094\">Weiterlesen <span class=\"meta-nav\">&rarr;<\/span><\/a><\/p>\n","protected":false},"author":1,"featured_media":0,"comment_status":"closed","ping_status":"closed","sticky":false,"template":"","format":"standard","meta":{"footnotes":""},"categories":[13,2],"tags":[],"class_list":["post-1094","post","type-post","status-publish","format-standard","hentry","category-bericht","category-og-kulmbach"],"_links":{"self":[{"href":"https:\/\/www.fwv-kulmbach.de\/index.php?rest_route=\/wp\/v2\/posts\/1094","targetHints":{"allow":["GET"]}}],"collection":[{"href":"https:\/\/www.fwv-kulmbach.de\/index.php?rest_route=\/wp\/v2\/posts"}],"about":[{"href":"https:\/\/www.fwv-kulmbach.de\/index.php?rest_route=\/wp\/v2\/types\/post"}],"author":[{"embeddable":true,"href":"https:\/\/www.fwv-kulmbach.de\/index.php?rest_route=\/wp\/v2\/users\/1"}],"replies":[{"embeddable":true,"href":"https:\/\/www.fwv-kulmbach.de\/index.php?rest_route=%2Fwp%2Fv2%2Fcomments&post=1094"}],"version-history":[{"count":1,"href":"https:\/\/www.fwv-kulmbach.de\/index.php?rest_route=\/wp\/v2\/posts\/1094\/revisions"}],"predecessor-version":[{"id":1096,"href":"https:\/\/www.fwv-kulmbach.de\/index.php?rest_route=\/wp\/v2\/posts\/1094\/revisions\/1096"}],"wp:attachment":[{"href":"https:\/\/www.fwv-kulmbach.de\/index.php?rest_route=%2Fwp%2Fv2%2Fmedia&parent=1094"}],"wp:term":[{"taxonomy":"category","embeddable":true,"href":"https:\/\/www.fwv-kulmbach.de\/index.php?rest_route=%2Fwp%2Fv2%2Fcategories&post=1094"},{"taxonomy":"post_tag","embeddable":true,"href":"https:\/\/www.fwv-kulmbach.de\/index.php?rest_route=%2Fwp%2Fv2%2Ftags&post=1094"}],"curies":[{"name":"wp","href":"https:\/\/api.w.org\/{rel}","templated":true}]}}