{"id":104,"date":"2014-12-29T20:14:26","date_gmt":"2014-12-29T19:14:26","guid":{"rendered":"http:\/\/fwv-kulmbach.de\/?p=104"},"modified":"2014-12-29T20:14:26","modified_gmt":"2014-12-29T19:14:26","slug":"einladung-zum-stadtgang-am-6-januar-2015","status":"publish","type":"post","link":"https:\/\/www.fwv-kulmbach.de\/?p=104","title":{"rendered":"Einladung zum Stadtgang am 6. Januar 2015"},"content":{"rendered":"<p>Liebe Wanderfreunde, Mitglieder und G\u00e4ste,<br \/>\nzur Auftaktveranstaltung der Ortsgruppe Kulmbach am <strong>6. Januar 2015<\/strong> treffen wir uns um <strong>13:30 an den Stadtwerken Kulmbach<\/strong> in der Blaich.<br \/>\nRudolf Krau\u00df f\u00fchrt uns auf wenig bekannten Wegen durch Kulmbach und hat sicher viele Geschichten und Informationen \u00fcber unsere Heimatstadt auf Lager.<\/p>\n<p>Wer nur an der Endeinkehr um ca. 16:30 Uhr im M\u00f6nchshofbr\u00e4uhaus teilnehmen m\u00f6chte, ist nat\u00fcrlich herzlich zum &#8222;St\u00e4rkantrinken&#8220; eingeladen.<\/p>\n<p>Die Obmannschaft w\u00fcnscht bereits heute einen guten Rutsch ins neue Jahr und ein sch\u00f6nes Wanderjahr 2015!<\/p>\n","protected":false},"excerpt":{"rendered":"<p>Liebe Wanderfreunde, Mitglieder und G\u00e4ste, zur Auftaktveranstaltung der Ortsgruppe Kulmbach am 6. Januar 2015 treffen wir uns um 13:30 an den Stadtwerken Kulmbach in der Blaich. Rudolf Krau\u00df f\u00fchrt uns auf wenig bekannten Wegen durch Kulmbach und hat sicher viele &hellip; <a href=\"https:\/\/www.fwv-kulmbach.de\/?p=104\">Weiterlesen <span class=\"meta-nav\">&rarr;<\/span><\/a><\/p>\n","protected":false},"author":1,"featured_media":0,"comment_status":"closed","ping_status":"closed","sticky":false,"template":"","format":"standard","meta":{"footnotes":""},"categories":[2],"tags":[],"class_list":["post-104","post","type-post","status-publish","format-standard","hentry","category-og-kulmbach"],"_links":{"self":[{"href":"https:\/\/www.fwv-kulmbach.de\/index.php?rest_route=\/wp\/v2\/posts\/104","targetHints":{"allow":["GET"]}}],"collection":[{"href":"https:\/\/www.fwv-kulmbach.de\/index.php?rest_route=\/wp\/v2\/posts"}],"about":[{"href":"https:\/\/www.fwv-kulmbach.de\/index.php?rest_route=\/wp\/v2\/types\/post"}],"author":[{"embeddable":true,"href":"https:\/\/www.fwv-kulmbach.de\/index.php?rest_route=\/wp\/v2\/users\/1"}],"replies":[{"embeddable":true,"href":"https:\/\/www.fwv-kulmbach.de\/index.php?rest_route=%2Fwp%2Fv2%2Fcomments&post=104"}],"version-history":[{"count":2,"href":"https:\/\/www.fwv-kulmbach.de\/index.php?rest_route=\/wp\/v2\/posts\/104\/revisions"}],"predecessor-version":[{"id":106,"href":"https:\/\/www.fwv-kulmbach.de\/index.php?rest_route=\/wp\/v2\/posts\/104\/revisions\/106"}],"wp:attachment":[{"href":"https:\/\/www.fwv-kulmbach.de\/index.php?rest_route=%2Fwp%2Fv2%2Fmedia&parent=104"}],"wp:term":[{"taxonomy":"category","embeddable":true,"href":"https:\/\/www.fwv-kulmbach.de\/index.php?rest_route=%2Fwp%2Fv2%2Fcategories&post=104"},{"taxonomy":"post_tag","embeddable":true,"href":"https:\/\/www.fwv-kulmbach.de\/index.php?rest_route=%2Fwp%2Fv2%2Ftags&post=104"}],"curies":[{"name":"wp","href":"https:\/\/api.w.org\/{rel}","templated":true}]}}