{"id":1028,"date":"2022-04-22T17:30:00","date_gmt":"2022-04-22T15:30:00","guid":{"rendered":"https:\/\/www.fwv-kulmbach.de\/?p=1028"},"modified":"2022-04-22T17:30:00","modified_gmt":"2022-04-22T15:30:00","slug":"einladung-zur-fahrt-ins-coburger-land-am-15-mai","status":"publish","type":"post","link":"https:\/\/www.fwv-kulmbach.de\/?p=1028","title":{"rendered":"Einladung zur Fahrt ins Coburger Land am 15. Mai"},"content":{"rendered":"\n<p>Am Sonntag, 15. Mai f\u00e4hrt der Kulmbacher Frankenwaldverein ins Coburger Land zur Wanderung zwischen Sonnefeld und Sonneberg. Wanderf\u00fchrer Klaus Kinzel f\u00fchrt durch dieses geologisch interessante Gebiet der Bruchschollenkuppen des Coburger Landes. <\/p>\n\n\n\n<p>Die mittelschwere Wanderung \u00fcber ca. 12 km f\u00fchrt von M\u00f6nchr\u00f6den \u00fcber den Berg Stiefvater, nach Wellmersdorf und weiter nach Plesten. Teilwanderer umfahren die etwas anspruchsvolleren Steigungen. <\/p>\n\n\n\n<p>Die Einkehr ist in Sonnefeld geplant. <\/p>\n\n\n\n<p>G\u00e4ste sind wie immer herzlich willkommen!<\/p>\n\n\n\n<p><strong>Anmeldungen <\/strong>und Infos bei Hans Werther (09221\/2009) und Helga Spindler (09221\/3245).<\/p>\n\n\n\n<p><strong>Busabfahrtszeiten:<\/strong><br>10:00 Uhr B 303 Neuenmarkt Tankstelle<br>10:10 Uhr Untersteinach<br>10:14 Uhr Kauerndorf<br>10:18 Uhr Kauernburg<br>10:24 Uhr Blaicher Schule<br>10:28 Uhr P\u00f6rbitsch<br>10:32 Uhr Schweizer Hof<br>10:36 Uhr Priemershof<br>10:40 Uhr Busbahnhof<br>10:42 Uhr Stadtpark<br>10:45 Uhr Farben Geyer<br>10:50 Uhr Papier Albrecht<\/p>\n","protected":false},"excerpt":{"rendered":"<p>Am Sonntag, 15. Mai f\u00e4hrt der Kulmbacher Frankenwaldverein ins Coburger Land zur Wanderung zwischen Sonnefeld und Sonneberg. Wanderf\u00fchrer Klaus Kinzel f\u00fchrt durch dieses geologisch interessante Gebiet der Bruchschollenkuppen des Coburger Landes. Die mittelschwere Wanderung \u00fcber ca. 12 km f\u00fchrt von &hellip; <a href=\"https:\/\/www.fwv-kulmbach.de\/?p=1028\">Weiterlesen <span class=\"meta-nav\">&rarr;<\/span><\/a><\/p>\n","protected":false},"author":1,"featured_media":0,"comment_status":"closed","ping_status":"closed","sticky":false,"template":"","format":"standard","meta":{"footnotes":""},"categories":[2,12],"tags":[],"class_list":["post-1028","post","type-post","status-publish","format-standard","hentry","category-og-kulmbach","category-termin"],"_links":{"self":[{"href":"https:\/\/www.fwv-kulmbach.de\/index.php?rest_route=\/wp\/v2\/posts\/1028","targetHints":{"allow":["GET"]}}],"collection":[{"href":"https:\/\/www.fwv-kulmbach.de\/index.php?rest_route=\/wp\/v2\/posts"}],"about":[{"href":"https:\/\/www.fwv-kulmbach.de\/index.php?rest_route=\/wp\/v2\/types\/post"}],"author":[{"embeddable":true,"href":"https:\/\/www.fwv-kulmbach.de\/index.php?rest_route=\/wp\/v2\/users\/1"}],"replies":[{"embeddable":true,"href":"https:\/\/www.fwv-kulmbach.de\/index.php?rest_route=%2Fwp%2Fv2%2Fcomments&post=1028"}],"version-history":[{"count":1,"href":"https:\/\/www.fwv-kulmbach.de\/index.php?rest_route=\/wp\/v2\/posts\/1028\/revisions"}],"predecessor-version":[{"id":1029,"href":"https:\/\/www.fwv-kulmbach.de\/index.php?rest_route=\/wp\/v2\/posts\/1028\/revisions\/1029"}],"wp:attachment":[{"href":"https:\/\/www.fwv-kulmbach.de\/index.php?rest_route=%2Fwp%2Fv2%2Fmedia&parent=1028"}],"wp:term":[{"taxonomy":"category","embeddable":true,"href":"https:\/\/www.fwv-kulmbach.de\/index.php?rest_route=%2Fwp%2Fv2%2Fcategories&post=1028"},{"taxonomy":"post_tag","embeddable":true,"href":"https:\/\/www.fwv-kulmbach.de\/index.php?rest_route=%2Fwp%2Fv2%2Ftags&post=1028"}],"curies":[{"name":"wp","href":"https:\/\/api.w.org\/{rel}","templated":true}]}}