{"id":1022,"date":"2022-04-22T17:13:40","date_gmt":"2022-04-22T15:13:40","guid":{"rendered":"https:\/\/www.fwv-kulmbach.de\/?p=1022"},"modified":"2022-04-22T17:14:51","modified_gmt":"2022-04-22T15:14:51","slug":"ostermontag-in-der-fraenkischen-schweiz","status":"publish","type":"post","link":"https:\/\/www.fwv-kulmbach.de\/?p=1022","title":{"rendered":"Ostermontag in der Fr\u00e4nkischen Schweiz"},"content":{"rendered":"\n<p>Wie \u00fcblich wanderte der Kulmbacher Frankenwaldverein am Ostermontag in der Fr\u00e4nkischen Schweiz. Ausgangspunkt war die Basilika in G\u00f6\u00dfweinstein, von wo es \u00fcber T\u00fcrkelstein zu den beeindruckenden Felsen am F\u00f6rstelstein ging. <\/p>\n\n\n\n<p>Vorher kam der Osterhase in der Bushaltestelle in T\u00fcrkelstein nicht nur mit gef\u00e4rbten und schokoladenen Eiern, sondern auch mit Eierlik\u00f6r. Kulinarisch angereichert durch k\u00f6stliche Blechkuchen unserer Wanderf\u00fchrerin Helga Spindler. <\/p>\n\n\n\n<p>H\u00f6hepunkt der Wanderung durch die ergr\u00fcnende Landschaft war das Felsentor kurz vor G\u00f6\u00dfweinstein. Die Schlusseinkehr im Gasthof Felsentor in T\u00fcrkelstein rundete einen gelungenen Ostermontagsausflug mit 56 Teilnehmern ab.<\/p>\n\n\n\n<figure class=\"wp-block-image size-full is-resized\"><img loading=\"lazy\" decoding=\"async\" src=\"https:\/\/www.fwv-kulmbach.de\/wp-content\/uploads\/2022\/04\/2022_Ostermontag_1-rotated.jpg\" alt=\"\" class=\"wp-image-1023\" width=\"384\" height=\"512\" srcset=\"https:\/\/www.fwv-kulmbach.de\/wp-content\/uploads\/2022\/04\/2022_Ostermontag_1-rotated.jpg 768w, https:\/\/www.fwv-kulmbach.de\/wp-content\/uploads\/2022\/04\/2022_Ostermontag_1-225x300.jpg 225w\" sizes=\"auto, (max-width: 384px) 100vw, 384px\" \/><\/figure>\n\n\n\n<figure class=\"wp-block-image size-full is-resized\"><img loading=\"lazy\" decoding=\"async\" src=\"https:\/\/www.fwv-kulmbach.de\/wp-content\/uploads\/2022\/04\/2022_Ostermontag_2.jpg\" alt=\"\" class=\"wp-image-1024\" width=\"384\" height=\"512\" srcset=\"https:\/\/www.fwv-kulmbach.de\/wp-content\/uploads\/2022\/04\/2022_Ostermontag_2.jpg 768w, https:\/\/www.fwv-kulmbach.de\/wp-content\/uploads\/2022\/04\/2022_Ostermontag_2-225x300.jpg 225w\" sizes=\"auto, (max-width: 384px) 100vw, 384px\" \/><\/figure>\n\n\n\n<figure class=\"wp-block-image size-full\"><img loading=\"lazy\" decoding=\"async\" width=\"1024\" height=\"768\" src=\"https:\/\/www.fwv-kulmbach.de\/wp-content\/uploads\/2022\/04\/2022_Ostermontag_3.jpg\" alt=\"\" class=\"wp-image-1025\" srcset=\"https:\/\/www.fwv-kulmbach.de\/wp-content\/uploads\/2022\/04\/2022_Ostermontag_3.jpg 1024w, https:\/\/www.fwv-kulmbach.de\/wp-content\/uploads\/2022\/04\/2022_Ostermontag_3-300x225.jpg 300w, https:\/\/www.fwv-kulmbach.de\/wp-content\/uploads\/2022\/04\/2022_Ostermontag_3-768x576.jpg 768w\" sizes=\"auto, (max-width: 1024px) 100vw, 1024px\" \/><\/figure>\n\n\n\n<p> <\/p>\n","protected":false},"excerpt":{"rendered":"<p>Wie \u00fcblich wanderte der Kulmbacher Frankenwaldverein am Ostermontag in der Fr\u00e4nkischen Schweiz. Ausgangspunkt war die Basilika in G\u00f6\u00dfweinstein, von wo es \u00fcber T\u00fcrkelstein zu den beeindruckenden Felsen am F\u00f6rstelstein ging. Vorher kam der Osterhase in der Bushaltestelle in T\u00fcrkelstein nicht &hellip; <a href=\"https:\/\/www.fwv-kulmbach.de\/?p=1022\">Weiterlesen <span class=\"meta-nav\">&rarr;<\/span><\/a><\/p>\n","protected":false},"author":1,"featured_media":0,"comment_status":"closed","ping_status":"closed","sticky":false,"template":"","format":"standard","meta":{"footnotes":""},"categories":[2],"tags":[],"class_list":["post-1022","post","type-post","status-publish","format-standard","hentry","category-og-kulmbach"],"_links":{"self":[{"href":"https:\/\/www.fwv-kulmbach.de\/index.php?rest_route=\/wp\/v2\/posts\/1022","targetHints":{"allow":["GET"]}}],"collection":[{"href":"https:\/\/www.fwv-kulmbach.de\/index.php?rest_route=\/wp\/v2\/posts"}],"about":[{"href":"https:\/\/www.fwv-kulmbach.de\/index.php?rest_route=\/wp\/v2\/types\/post"}],"author":[{"embeddable":true,"href":"https:\/\/www.fwv-kulmbach.de\/index.php?rest_route=\/wp\/v2\/users\/1"}],"replies":[{"embeddable":true,"href":"https:\/\/www.fwv-kulmbach.de\/index.php?rest_route=%2Fwp%2Fv2%2Fcomments&post=1022"}],"version-history":[{"count":2,"href":"https:\/\/www.fwv-kulmbach.de\/index.php?rest_route=\/wp\/v2\/posts\/1022\/revisions"}],"predecessor-version":[{"id":1027,"href":"https:\/\/www.fwv-kulmbach.de\/index.php?rest_route=\/wp\/v2\/posts\/1022\/revisions\/1027"}],"wp:attachment":[{"href":"https:\/\/www.fwv-kulmbach.de\/index.php?rest_route=%2Fwp%2Fv2%2Fmedia&parent=1022"}],"wp:term":[{"taxonomy":"category","embeddable":true,"href":"https:\/\/www.fwv-kulmbach.de\/index.php?rest_route=%2Fwp%2Fv2%2Fcategories&post=1022"},{"taxonomy":"post_tag","embeddable":true,"href":"https:\/\/www.fwv-kulmbach.de\/index.php?rest_route=%2Fwp%2Fv2%2Ftags&post=1022"}],"curies":[{"name":"wp","href":"https:\/\/api.w.org\/{rel}","templated":true}]}}